{"dados":[{"ementa":"DISP\u00d5E SOBRE MEDIDAS DE CONTEN\u00c7\u00c3O E CONTROLE DE DESPESAS COM HORAS EXTRAS NO \u00c2MBITO DA ADMINISTRA\u00c7\u00c3O P\u00daBLICA MUNICIPAL DE RIO PARDO E D\u00c1 OUTRAS PROVID\u00caNCIAS.","dataAtualizacao":"2026-04-02 13:37:37","dataInicioVigencia":null,"dataFimVigencia":null,"data":"2026-03-31","numero":24,"categoria":"Decreto","situacao":"Em vigor","descricao":""},{"ementa":"INSTITUI HOR\u00c1RIO REDUZIDO DE TRABALHO COM\r\nREDU\u00c7\u00c3O DA CARGA HOR\u00c1RIA LABORAL DI\u00c1RIA NAS\r\nREPARTI\u00c7\u00d5ES P\u00daBLICAS MUNICIPAIS.","dataAtualizacao":"2026-04-02 13:37:59","dataInicioVigencia":"2026-03-31","dataFimVigencia":null,"data":"2026-03-31","numero":19,"categoria":"Decreto","situacao":"Em vigor","descricao":""},{"ementa":"DISP\u00d5E SOBRE O ESTACIONAMENTO DE VE\u00cdCULOS NO\r\nTRECHO DA AVENIDA ANDRADE NEVES, ENTRE AS RUAS\r\nMATHEUS SIM\u00d5ES E ALMIRANTE ALEXANDRINO, DE\r\nFORMA EXCEPCIONAL, NO DIA 27 DE MAR\u00c7O DO\r\nCORRENTE ANO NO HOR\u00c1RIO QUE ESPECIFICA.","dataAtualizacao":"2026-03-27 09:50:03","dataInicioVigencia":"2026-03-27","dataFimVigencia":"2026-03-27","data":"2026-03-27","numero":21,"categoria":"Decreto","situacao":"Em vigor","descricao":""},{"ementa":"DISP\u00d5E SOBRE O ESTACIONAMENTO DE VE\u00cdCULOS NO TRECHO DA AVENIDA ANDRADE NEVES, ENTRE AS RUAS MATHEUS SIM\u00d5ES E ALMIRANTE ALEXANDRINO, DE FORMA EXCEPCIONAL, NO DIA 21 DE MAR\u00c7O DO CORRENTE ANO NO HOR\u00c1RIO QUE ESPECIFICA.","dataAtualizacao":"2026-03-20 10:46:26","dataInicioVigencia":null,"dataFimVigencia":null,"data":"2026-03-20","numero":18,"categoria":"Decreto","situacao":"Em vigor","descricao":""},{"ementa":"Disp\u00f5e, em car\u00e1ter excepcional, sobre o per\u00edodo oficial dos Festejos Farroupilhas no Munic\u00edpio de Rio Pardo no ano de 2026, e d\u00e1 outras provid\u00eancias.","dataAtualizacao":"2026-03-20 10:38:49","dataInicioVigencia":null,"dataFimVigencia":null,"data":"2026-03-19","numero":16,"categoria":"Decreto","situacao":"Em vigor","descricao":""},{"ementa":"EDITAL DE ELEI\u00c7\u00c3O DA CIPA - COMISS\u00c3O INTERNA DE PREVEN\u00c7\u00c3O DE ACIDENTE E DE ASS\u00c9DIO","dataAtualizacao":"2026-02-25 07:56:34","dataInicioVigencia":null,"dataFimVigencia":null,"data":"2026-02-24","numero":0,"categoria":"EDITAIS","situacao":"Em vigor","descricao":""},{"ementa":"DECLARA \u201cPONTO FACULTATIVO\u201d NAS REPARTI\u00c7\u00d5ES P\u00daBLICAS MUNICIPAIS NOS DIAS 16 E 17 DE FEVEREIRO DO CORRENTE ANO, EM FACE DAS COMEMORA\u00c7\u00d5ES BURLESCAS.","dataAtualizacao":"2026-02-13 11:49:56","dataInicioVigencia":null,"dataFimVigencia":null,"data":"2026-02-13","numero":13,"categoria":"Decreto","situacao":"Em vigor","descricao":""},{"ementa":"DISP\u00d5E SOBRE O ESTACIONAMENTO DE VE\u00cdCULOS EM TRECHOS DA RUA ANDRADE NEVES E DEMAIS RUAS ADJACENTES, DE FORMA EXCEPCIONAL, NOS DIAS 12 A 17 DE FEVEREIRO DO CORRENTE ANO NO HOR\u00c1RIO QUE ESPECIFICA.","dataAtualizacao":"2026-02-12 14:25:06","dataInicioVigencia":null,"dataFimVigencia":null,"data":"2026-02-12","numero":12,"categoria":"Decreto","situacao":"Em vigor","descricao":""},{"ementa":"DA DENOMINA\u00c7\u00c3O AO PALCO PRINCIPAL DO CARNAVAL 2026 EM HOMENAGEM A NOBRE SENHORA LUIZA FERREIRA, NA FORMA EM QUE ESPEC\u00cdFICA.","dataAtualizacao":"2026-02-13 15:02:21","dataInicioVigencia":null,"dataFimVigencia":null,"data":"2026-02-12","numero":11,"categoria":"Decreto","situacao":"Em vigor","descricao":""},{"ementa":"DISP\u00d5E SOBRE A REGULAMENTA\u00c7\u00c3O DAS PRA\u00c7AS DE ALIMENTA\u00c7\u00c3O E DO USO DAS ARQUIBANCADAS, DURANTE O CARNAVAL NO ANO DE 2026.","dataAtualizacao":"2026-02-12 09:58:39","dataInicioVigencia":null,"dataFimVigencia":null,"data":"2026-02-12","numero":10,"categoria":"Decreto","situacao":"Em vigor","descricao":""},{"ementa":"DISP\u00d5E SOBRE A REGULAMENTA\u00c7\u00c3O DO ARTIGO 7\u00ba DA LEI MUNICIPAL 1.394 DE 08 DE JUNHO DE 2005, DURANTE O CARNAVAL NO ANO DE 2026.","dataAtualizacao":"2026-02-12 08:22:23","dataInicioVigencia":null,"dataFimVigencia":null,"data":"2026-02-12","numero":9,"categoria":"Decreto","situacao":"Em vigor","descricao":""},{"ementa":"DISP\u00d5E SOBRE REGRAS ACERCA DA COMERCIALIZA\u00c7\u00c3O DE BEBIDAS EM RECIPIENTES DE VIDROS E AUTORIZA O COM\u00c9RCIO AMBULANTE, NO MUNIC\u00cdPIO DE RIO PARDO DURANTE O CARNAVAL DE 2026.","dataAtualizacao":"2026-02-12 07:55:38","dataInicioVigencia":null,"dataFimVigencia":null,"data":"2026-02-12","numero":8,"categoria":"Decreto","situacao":"Em vigor","descricao":""},{"ementa":"DISP\u00d5E SOBRE O REPASSE DE VERBAS \u00c0S ENTIDADES CARNAVALESCAS E A PRESTA\u00c7\u00c3O DE CONTAS DO CARNAVAL POPULAR DE RIO PARDO DE 2025, NA FORMA EM QUE ESPEC\u00cdFICA.","dataAtualizacao":"2026-01-20 15:00:44","dataInicioVigencia":null,"dataFimVigencia":null,"data":"2026-01-20","numero":4,"categoria":"Decreto","situacao":"Em vigor","descricao":""},{"ementa":"DISP\u00d5E SOBRE O HOR\u00c1RIO DE ENSAIO DAS ESCOLAS DE SAMBA E BLOCOS CARNAVALESCOS DE RIO PARDO COM VISTAS AOS DESFILES BURLESCOS NO ANO DE 2026.","dataAtualizacao":"2026-01-20 14:44:53","dataInicioVigencia":null,"dataFimVigencia":"2026-02-13","data":"2026-01-20","numero":3,"categoria":"Decreto","situacao":"Em vigor","descricao":""},{"ementa":"Contrato Administrativo de Repasse de Valores - Rodrigo de SouzaBarreto","dataAtualizacao":"2026-02-12 08:32:51","dataInicioVigencia":null,"dataFimVigencia":null,"data":"2022-12-20","numero":0,"categoria":"Contratos","situacao":"Em vigor","descricao":""}]}